{"id":13852,"global_id":"www.cai.cz?id=13852","global_id_lineage":["www.cai.cz?id=13852"],"author":"7","status":"publish","date":"2021-02-18 09:59:30","date_utc":"2021-02-18 08:59:30","modified":"2021-02-18 10:02:14","modified_utc":"2021-02-18 09:02:14","url":"https:\/\/www.cai.cz\/?tribe_events=seminar-k-ukolu-prm-2020-principy-elektro","rest_url":"https:\/\/www.cai.cz\/index.php?rest_route=\/tribe\/events\/v1\/events\/13852","title":"Semin\u00e1\u0159 k \u00fakolu PRM 2020 &#8211; principy elektro","description":"<p>\u010cesk\u00fd institut pro akreditaci, o.p.s. po\u0159\u00e1d\u00e1 semin\u00e1\u0159, jeho\u017e c\u00edlem je sezn\u00e1men\u00ed s\u00a0v\u00fdsledky \u00fakolu z\u00a0programu rozvoje metrologie (PRM) za rok 2020 v\u00a0oboru elektrick\u00fdch veli\u010din (\u010d.\u00a0VII\/5\/20 \u201ePrincipy kalibrace v\u00a0oboru z\u00e1kladn\u00edch elektrick\u00fdch veli\u010din\u201c) a kter\u00fd je ur\u010den pro \u0161irokou odbornou ve\u0159ejnost se z\u00e1jmem o kalibrace obecn\u011b nebo specificky v\u00a0oboru elektrick\u00fdch veli\u010din. Tento semin\u00e1\u0159 je vhodnou vzd\u011bl\u00e1vac\u00ed a informa\u010dn\u00ed akc\u00ed pro v\u0161echny z\u00e1jemce o m\u011b\u0159en\u00ed a kalibrace v\u00a0oboru elektrick\u00fdch veli\u010din, p\u0159edev\u0161\u00edm pracovn\u00edky kalibra\u010dn\u00edch laborato\u0159\u00ed, p\u0159\u00edpadn\u011b zku\u0161ebn\u00edch laborato\u0159\u00ed prov\u00e1d\u011bj\u00edc\u00edch intern\u00ed kalibrace, ale i pro jejich z\u00e1kazn\u00edky, kte\u0159\u00ed maj\u00ed z\u00e1jem kvalifikovan\u011b volit sv\u00e9 dodavatele a dal\u0161\u00ed odborn\u00edky v\u00a0t\u00e9to oblasti. Obsah semin\u00e1\u0159e bude zam\u011b\u0159en na z\u00e1sady formulov\u00e1n\u00ed princip\u016f kalibrace z\u00e1kladn\u00edch veli\u010din elektro ve vztahu ke konkr\u00e9tn\u00ed veli\u010din\u011b, jej\u00ed kalibraci a p\u0159idru\u017een\u00e9 nejistot\u011b, kterou laborato\u0159 dosahuje p\u0159i kalibraci postupem, kter\u00fd je charakterizov\u00e1n v\u00a0p\u0159\u00edloze osv\u011bd\u010den\u00ed o akreditaci pr\u00e1v\u011b ve sloupci \u201ePrincip\u201c. Tyto informace p\u0159isp\u011bj\u00ed ke zv\u00fd\u0161en\u00ed porovnatelnosti p\u0159\u00edloh osv\u011bd\u010den\u00ed o akreditaci, a t\u00edm ke zv\u00fd\u0161en\u00ed objektivity hodnocen\u00ed vhodnosti jednotliv\u00fdch laborato\u0159\u00ed pro slu\u017ebu po\u017eadovanou z\u00e1kazn\u00edkem.<\/p>\r\n<p>T\u011b\u0161\u00edme se na setk\u00e1n\u00ed s V\u00e1mi<\/p>\r\n<p>Ing. Pavel Nosek<br \/>\u0159editel odboru zku\u0161ebn\u00edch a kalibra\u010dn\u00edch laborato\u0159\u00ed<\/p>\r\n<hr class=\"wp-block-separator is-style-wide\" \/><!-- \/wp:separator -->\r\n\r\n<!-- wp:heading -->\r\n<h2><a href=\"http:\/\/eshop.cai.cz\/\">E-shop \u010cIA &#8211; p\u0159ihl\u00e1\u0161ka na online semin\u00e1\u0159<\/a><\/h2>\r\n<!-- \/wp:heading -->\r\n\r\n<!-- wp:paragraph -->\r\n<p>Pro p\u0159ihl\u00e1\u0161en\u00ed vyu\u017eijte n\u00e1\u0161 e-shop. Po odesl\u00e1n\u00ed objedn\u00e1vky na vybran\u00fd semin\u00e1\u0159 obdr\u017e\u00edte potvrzen\u00ed s informacemi o platb\u011b. <br \/>Po zaplacen\u00ed \u00fa\u010dastnick\u00e9ho poplatku obdr\u017e\u00edte e-mailem odkaz pro \u017eiv\u00e9 vys\u00edl\u00e1n\u00ed semin\u00e1\u0159e.<\/p>\r\n<hr class=\"wp-block-separator is-style-wide\" \/>\r\n<h2>Program<\/h2>\r\n<h4>\u017eiv\u00e9 vys\u00edl\u00e1n\u00ed 9:30 &#8211; 15:30 hod<\/h4>\r\n<table style=\"width: 96.9189%;\">\r\n<tbody>\r\n<tr>\r\n<td style=\"width: 28.3582%;\" width=\"170\">\r\n<p>09:30 \u2013 10:00<\/p>\r\n<\/td>\r\n<td style=\"width: 130.229%;\" width=\"426\">\r\n<p>Registrace \u00fa\u010dastn\u00edk\u016f<\/p>\r\n<\/td>\r\n<\/tr>\r\n<tr>\r\n<td style=\"width: 28.3582%;\" width=\"170\">\r\n<p>10:00 \u2013 10:10<\/p>\r\n<\/td>\r\n<td style=\"width: 130.229%;\" width=\"426\">\r\n<p>\u00davodn\u00ed slovo <br \/>(Ing. Pavel Nosek, \u010cIA)<\/p>\r\n<\/td>\r\n<\/tr>\r\n<tr>\r\n<td style=\"width: 28.3582%;\" width=\"170\">\r\n<p>10:10 \u2013 10:35<\/p>\r\n<\/td>\r\n<td style=\"width: 130.229%;\" width=\"426\">\r\n<p>Principy kalibrace, nov\u00e1 informace na p\u0159\u00edloh\u00e1ch osv\u011bd\u010den\u00ed o akreditaci<br \/>(Ing. Martin Valenta, \u010cIA)<\/p>\r\n<\/td>\r\n<\/tr>\r\n<tr>\r\n<td style=\"width: 28.3582%;\" width=\"170\">\r\n<p>10:35 \u2013 11:00<\/p>\r\n<\/td>\r\n<td style=\"width: 130.229%;\" width=\"426\">\r\n<p>Aktu\u00e1ln\u00ed stav uv\u00e1d\u011bn\u00ed princip\u016f kalibrace na vydan\u00fdch POA <br \/>(Ing. Martin Valenta)<\/p>\r\n<\/td>\r\n<\/tr>\r\n<tr>\r\n<td style=\"width: 28.3582%;\" width=\"170\">\r\n<p>11:00 \u2013 11:10<\/p>\r\n<\/td>\r\n<td style=\"width: 130.229%;\" width=\"426\">\r\n<p>P\u0159est\u00e1vka<\/p>\r\n<\/td>\r\n<\/tr>\r\n<tr>\r\n<td style=\"width: 28.3582%;\" width=\"170\">\r\n<p>11:10 \u2013 11:25<\/p>\r\n<\/td>\r\n<td style=\"width: 130.229%;\" width=\"426\">\r\n<p>Kalibrace, princip kalibrace, metoda kalibrace, postup kalibrace<br \/>(Ing. Miroslav Netopil, ITC Zl\u00edn)<\/p>\r\n<\/td>\r\n<\/tr>\r\n<tr>\r\n<td style=\"width: 28.3582%;\" width=\"170\">\r\n<p>11:25 \u2013 11:55<\/p>\r\n<\/td>\r\n<td style=\"width: 130.229%;\" width=\"426\">\r\n<p>Postaven\u00ed etalonu a kalibrovan\u00e9ho m\u011b\u0159idla v\u00a0procesu kalibrace, generov\u00e1n\u00ed a m\u011b\u0159en\u00ed \u00a0<br \/>(Ing. Miroslav Netopil)<\/p>\r\n<\/td>\r\n<\/tr>\r\n<tr>\r\n<td style=\"width: 28.3582%;\" width=\"170\">\r\n<p>11:55 \u2013 12:45<\/p>\r\n<\/td>\r\n<td style=\"width: 130.229%;\" width=\"426\">\r\n<p>P\u0159est\u00e1vka na ob\u011bd<\/p>\r\n<\/td>\r\n<\/tr>\r\n<tr>\r\n<td style=\"width: 28.3582%;\" width=\"170\">\r\n<p>12:45 \u2013 13:15<\/p>\r\n<\/td>\r\n<td style=\"width: 130.229%;\" width=\"426\">\r\n<p>Obecn\u00e9 z\u00e1sady pro formulaci principu kalibrace, konstrukce principu kalibrace <br \/>(Ing. Miroslav Netopil)<\/p>\r\n<\/td>\r\n<\/tr>\r\n<tr>\r\n<td style=\"width: 28.3582%;\" width=\"170\">\r\n<p>13:15 \u2013 14:15<\/p>\r\n<\/td>\r\n<td style=\"width: 130.229%;\" width=\"426\">\r\n<p>P\u0159\u00edklady tvorby principu kalibrace (kalibrace pomoc\u00ed dvou a v\u00edce etalon\u016f, kalibrace v\u00a0oboru kapacity a induk\u010dnosti, kalibrace revizn\u00edch p\u0159\u00edstroj\u016f)<br \/>(Ing. Miroslav Netopil) \u00a0<\/p>\r\n<\/td>\r\n<\/tr>\r\n<tr>\r\n<td style=\"width: 28.3582%;\" width=\"170\">\r\n<p>13:45 \u2013 14:15<\/p>\r\n<\/td>\r\n<td style=\"width: 130.229%;\" width=\"426\">\r\n<p>Tvorba formulace principu kalibrace pro kalibrace revizn\u00edch p\u0159\u00edstroj\u016f<br \/>(Ing. Miroslav Netopil)<\/p>\r\n<\/td>\r\n<\/tr>\r\n<tr>\r\n<td style=\"width: 28.3582%;\" width=\"170\">\r\n<p>14:15 \u2013 14:30<\/p>\r\n<\/td>\r\n<td style=\"width: 130.229%;\" width=\"426\">\r\n<p>P\u0159est\u00e1vka<\/p>\r\n<\/td>\r\n<\/tr>\r\n<tr>\r\n<td style=\"width: 28.3582%;\" width=\"170\">\r\n<p>14:30 \u2013 14:45<\/p>\r\n<\/td>\r\n<td style=\"width: 130.229%;\" width=\"426\">\r\n<p>V\u00fdstupy \u00fakolu PRM 2020 \u010d.\u00a0VII\/5\/20 a jejich implementace<br \/>(Ing. Martin Valenta)<\/p>\r\n<\/td>\r\n<\/tr>\r\n<tr>\r\n<td style=\"width: 28.3582%;\" width=\"170\">\r\n<p>14:45 \u2013 15:00<\/p>\r\n<\/td>\r\n<td style=\"width: 130.229%;\" width=\"426\">\r\n<p>Praktick\u00e9 vyu\u017eit\u00ed v\u00fdsledk\u016f PRM a p\u0159\u00edloha osv\u011bd\u010den\u00ed o akreditaci<br \/>(Ing. Martin Valenta)<\/p>\r\n<\/td>\r\n<\/tr>\r\n<tr>\r\n<td style=\"width: 28.3582%;\" width=\"170\">\r\n<p>15:00 \u2013 15:30<\/p>\r\n<\/td>\r\n<td style=\"width: 130.229%;\" width=\"426\">\r\n<p>Diskuze a z\u00e1v\u011br<br \/>(Ing. Martin Valenta)<\/p>\r\n<\/td>\r\n<\/tr>\r\n<tr>\r\n<td style=\"width: 28.3582%;\" width=\"170\">\r\n<p>15:30<\/p>\r\n<\/td>\r\n<td style=\"width: 130.229%;\" width=\"426\">\r\n<p>Zakon\u010den\u00ed semin\u00e1\u0159e<\/p>\r\n<\/td>\r\n<\/tr>\r\n<\/tbody>\r\n<\/table>\r\n<p>&nbsp;<\/p>\r\n<h2><a href=\"https:\/\/www.cai.cz\/wp-content\/uploads\/2021\/02\/pozv\u00e1nka_elektro-1.pdf\">Pozv\u00e1nka<\/a><\/h2>","excerpt":"","slug":"seminar-k-ukolu-prm-2020-principy-elektro","image":false,"all_day":false,"start_date":"2021-03-18 09:30:00","start_date_details":{"year":"2021","month":"03","day":"18","hour":"09","minutes":"30","seconds":"00"},"end_date":"2021-03-18 15:30:00","end_date_details":{"year":"2021","month":"03","day":"18","hour":"15","minutes":"30","seconds":"00"},"utc_start_date":"2021-03-18 08:30:00","utc_start_date_details":{"year":"2021","month":"03","day":"18","hour":"08","minutes":"30","seconds":"00"},"utc_end_date":"2021-03-18 14:30:00","utc_end_date_details":{"year":"2021","month":"03","day":"18","hour":"14","minutes":"30","seconds":"00"},"timezone":"Europe\/Prague","timezone_abbr":"CET","cost":"","cost_details":{"currency_symbol":"","currency_code":"","currency_position":"prefix","values":[]},"website":"","show_map":false,"show_map_link":false,"hide_from_listings":false,"sticky":false,"featured":false,"categories":[{"name":"Semin\u00e1\u0159","slug":"seminar","term_group":0,"term_taxonomy_id":91,"taxonomy":"tribe_events_cat","description":"","parent":0,"count":29,"filter":"raw","id":91,"urls":{"self":"https:\/\/www.cai.cz\/index.php?rest_route=\/tribe\/events\/v1\/categories\/91","collection":"https:\/\/www.cai.cz\/index.php?rest_route=\/tribe\/events\/v1\/categories"}}],"tags":[{"name":"Semin\u00e1\u0159","slug":"seminar","term_group":0,"term_taxonomy_id":79,"taxonomy":"post_tag","description":"","parent":0,"count":21,"filter":"raw","id":79,"urls":{"self":"https:\/\/www.cai.cz\/index.php?rest_route=\/tribe\/events\/v1\/tags\/79","collection":"https:\/\/www.cai.cz\/index.php?rest_route=\/tribe\/events\/v1\/tags"}}],"venue":{"id":13434,"author":"7","status":"publish","date":"2020-09-22 14:28:32","date_utc":"2020-09-22 12:28:32","modified":"2021-02-16 11:46:37","modified_utc":"2021-02-16 10:46:37","url":"https:\/\/www.cai.cz\/?tribe_venue=distancni-forma","venue":"online semin\u00e1\u0159","slug":"distancni-forma","json_ld":{"@type":"Place","name":"online semin\u00e1\u0159","description":"","url":"","address":{"@type":"PostalAddress"},"telephone":"","sameAs":""},"show_map":false,"show_map_link":false,"global_id":"www.cai.cz?id=13434","global_id_lineage":["www.cai.cz?id=13434"]},"organizer":[{"id":2142,"author":"2","status":"publish","date":"2018-10-11 12:41:12","date_utc":"2018-10-11 10:41:12","modified":"2024-02-16 12:30:17","modified_utc":"2024-02-16 11:30:17","url":"https:\/\/www.cai.cz\/?tribe_organizer=cesky-institut-pro-akreditaci","organizer":"\u010cesk\u00fd institut pro akreditaci, o.p.s.","description":"<p><strong>Odborn\u00fd garant semin\u00e1\u0159e:<\/strong><\/p>\n<p>tel.: 272 096 XXX<br \/>\ne-mail:<\/p>","slug":"cesky-institut-pro-akreditaci","phone":"+420 272 096 222","website":"https:\/\/www.cai.cz\/","email":"prihlasky@cai.cz","json_ld":{"@type":"Person","name":"\u010cesk\u00fd institut pro akreditaci, o.p.s.","description":"&lt;p&gt;Odborn\u00fd garant semin\u00e1\u0159e: tel.: 272 096 XXX e-mail:&lt;\/p&gt;\\n","url":"https:\/\/www.cai.cz\/","telephone":"+420 272 096 222","email":"p&#114;&#105;&#104;l&#97;s&#107;y&#64;&#99;&#97;&#105;&#46;cz","sameAs":"https:\/\/www.cai.cz\/"},"global_id":"www.cai.cz?id=2142","global_id_lineage":["www.cai.cz?id=2142"]}],"custom_fields":[],"json_ld":{"@context":"http:\/\/schema.org","@type":"Event","name":"Semin\u00e1\u0159 k \u00fakolu PRM 2020 &#8211; principy elektro","description":"&lt;p&gt;\u010cesk\u00fd institut pro akreditaci, o.p.s. po\u0159\u00e1d\u00e1 semin\u00e1\u0159, jeho\u017e c\u00edlem je sezn\u00e1men\u00ed s\u00a0v\u00fdsledky \u00fakolu z\u00a0programu rozvoje metrologie (PRM) za rok 2020 v\u00a0oboru elektrick\u00fdch veli\u010din (\u010d.\u00a0VII\/5\/20 \u201ePrincipy&hellip;&lt;\/p&gt;\\n","url":"https:\/\/www.cai.cz\/?tribe_events=seminar-k-ukolu-prm-2020-principy-elektro","eventAttendanceMode":"https:\/\/schema.org\/OfflineEventAttendanceMode","eventStatus":"https:\/\/schema.org\/EventScheduled","startDate":"2021-03-18T09:30:00+01:00","endDate":"2021-03-18T15:30:00+01:00","location":{"@type":"Place","name":"online semin\u00e1\u0159","description":"","url":"","address":{"@type":"PostalAddress"},"telephone":"","sameAs":""},"organizer":{"@type":"Person","name":"\u010cesk\u00fd institut pro akreditaci, o.p.s.","description":"&lt;p&gt;Odborn\u00fd garant semin\u00e1\u0159e: tel.: 272 096 XXX e-mail:&lt;\/p&gt;\\n","url":"https:\/\/www.cai.cz\/","telephone":"+420 272 096 222","email":"&#112;&#114;i&#104;la&#115;&#107;y&#64;&#99;ai&#46;&#99;z","sameAs":"https:\/\/www.cai.cz\/"},"performer":"Organization"},"ticketed":false}