{"id":11775,"date":"2019-07-10T14:15:56","date_gmt":"2019-07-10T12:15:56","guid":{"rendered":"https:\/\/www.cai.cz\/?p=11775"},"modified":"2019-07-12T14:22:48","modified_gmt":"2019-07-12T12:22:48","slug":"informace-o-vydani-dokumentu-organizaci-zabyvajicich-se-akreditaci-4","status":"publish","type":"post","link":"https:\/\/www.cai.cz\/?p=11775","title":{"rendered":"Informace o vyd\u00e1n\u00ed dokument\u016f organizac\u00ed zab\u00fdvaj\u00edc\u00edch se akreditac\u00ed","gt_translate_keys":[{"key":"rendered","format":"text"}]},"content":{"rendered":"\n<h3 class=\"wp-block-heading\" id=\"mce_13\">Informace #04 ke dni 10. 7. 2019 <\/h3>\n\n\n\n<blockquote class=\"wp-block-quote is-layout-flow wp-block-quote-is-layout-flow\"><p>V\u00e1\u017een\u00ed klienti, v\u00e1\u017een\u00ed \u010dten\u00e1\u0159i,<\/p><p>\u010cesk\u00fd institut pro akreditaci, o.p.s. (\u010cIA) jako \u010dlen Evropsk\u00e9 organizace pro spolupr\u00e1ci v oblasti akreditace (EA), Mezin\u00e1rodn\u00edho akredita\u010dn\u00edho f\u00f3ra (IAF), Mezin\u00e1rodn\u00ed spolupr\u00e1ce v oblasti akreditace laborato\u0159\u00ed (ILAC) a tak\u00e9 signat\u00e1\u0159 v\u00edcestrann\u00fdch dohod o vz\u00e1jemn\u00e9m uzn\u00e1v\u00e1n\u00ed v\u00fdsledk\u016f akreditace (EA MLA, IAF MLA a ILAC MRA) je povinen zav\u00e1d\u011bt do akredita\u010dn\u00edho syst\u00e9mu \u010cesk\u00e9 republiky dokumenty vydan\u00e9 t\u011bmito organizacemi.<\/p><p>Sou\u010d\u00e1st\u00ed t\u00e9to informace jsou tak\u00e9 uvedeny pr\u00e1vn\u00ed p\u0159edpisy EU upravuj\u00edc\u00ed oblast ov\u011b\u0159ovatel\u016f v\u00fdkaz\u016f emis\u00ed sklen\u00edkov\u00fdch plyn\u016f, kter\u00e9 budou zavedeny do akredita\u010dn\u00edho syst\u00e9mu \u010cR.<\/p><p>Pro p\u0159edb\u011b\u017en\u00e9 informov\u00e1n\u00ed klient\u016f o vydan\u00fdch a zav\u00e1d\u011bn\u00fdch dokumentech mezin\u00e1rodn\u00edch organizac\u00ed zab\u00fdvaj\u00edc\u00edch se akreditac\u00ed zpracoval \u010cIA tento informa\u010dn\u00ed materi\u00e1l, kter\u00fd je aktualizov\u00e1n v m\u011bs\u00ed\u010dn\u00edm intervalu. Nad\u00e1le z\u016fst\u00e1v\u00e1 zachov\u00e1na praxe, kdy jsou subjekty akreditovan\u00e9 \u010cIA informov\u00e1ny prost\u0159ednictv\u00edm dopisu p\u0159\u00edslu\u0161n\u00fdch vedouc\u00edch pracovn\u00edk\u016f \u010cIA.<\/p><\/blockquote>\n\n\n\n<h4 class=\"wp-block-heading\" id=\"mce_14\">EU<\/h4>\n\n\n\n<p><strong>Prov\u00e1d\u011bc\u00ed na\u0159\u00edzen\u00ed Komise (EU) 2018\/2066, <\/strong>ze dne 19. prosince 2018 o monitorov\u00e1n\u00ed a\nvykazov\u00e1n\u00ed emis\u00ed sklen\u00edkov\u00fdch plyn\u016f podle sm\u011brnice Evropsk\u00e9ho parlamentu a Rady\n2003\/87\/ES a o zm\u011bn\u011b na\u0159\u00edzen\u00ed Komise (EU) \u010d. 601\/2012;<\/p>\n\n\n\n<p><strong>Prov\u00e1d\u011bc\u00ed na\u0159\u00edzen\u00ed Komise (EU) 2018\/2067, <\/strong>ze dne 19. prosince 2018 o ov\u011b\u0159ov\u00e1n\u00ed \u00fadaj\u016f a akreditaci ov\u011b\u0159ovatel\u016f podle sm\u011brnice Evropsk\u00e9ho parlamentu a Rady 2003\/87\/ES;<\/p>\n\n\n\n<p><strong>Na\u0159\u00edzen\u00ed Komise v p\u0159enesen\u00e9 pravomoci (EU) 2019\/331, <\/strong>ze dne 19. prosince 2018, kter\u00fdm se stanov\u00ed p\u0159echodn\u00e1 pravidla harmonizovan\u00e9ho p\u0159id\u011blov\u00e1n\u00ed bezplatn\u00fdch povolenek na emise platn\u00e1 v cel\u00e9 Unii podle \u010dl\u00e1nku 10a sm\u011brnice Evropsk\u00e9ho parlamentu a Rady 2003\/87\/ES.<\/p>\n\n\n\n<h4 class=\"wp-block-heading\">IAF <\/h4>\n\n\n\n<p><strong>IAF MD 11:2019<\/strong> IAF Mandatory Document for the Application of ISO\/IEC 17021-1 for Audits of Integrated Management Systems \u2013 prodlou\u017een\u00ed data aplikace ze 17. 1. 2020 na 17. 1. 2021.<\/p>\n\n\n\n<p><em>Zpracoval: Mgr. Ing. Igor Tyle\u010dek, Ph.D., 12. 7. 2019<\/em><\/p>\n","protected":false,"gt_translate_keys":[{"key":"rendered","format":"html"}]},"excerpt":{"rendered":"<p>Informace #04 ke dni 10. 7. 2019 V\u00e1\u017een\u00ed klienti, v\u00e1\u017een\u00ed \u010dten\u00e1\u0159i, \u010cesk\u00fd institut pro akreditaci, o.p.s. (\u010cIA) jako \u010dlen Evropsk\u00e9 organizace pro spolupr\u00e1ci v oblasti&hellip;<\/p>\n","protected":false,"gt_translate_keys":[{"key":"rendered","format":"html"}]},"author":2,"featured_media":0,"comment_status":"closed","ping_status":"open","sticky":false,"template":"","format":"standard","meta":{"_acf_changed":false,"_price":"","_stock":"","_tribe_ticket_header":"","_tribe_default_ticket_provider":"","_tribe_ticket_capacity":"","_ticket_start_date":"","_ticket_end_date":"","_tribe_ticket_show_description":"","_tribe_ticket_show_not_going":false,"_tribe_ticket_use_global_stock":"","_tribe_ticket_global_stock_level":"","_global_stock_mode":"","_global_stock_cap":"","_tribe_rsvp_for_event":"","_tribe_ticket_going_count":"","_tribe_ticket_not_going_count":"","_tribe_tickets_list":"[]","_tribe_ticket_has_attendee_info_fields":false,"footnotes":""},"categories":[335],"tags":[354,76],"class_list":["post-11775","post","type-post","status-publish","format-standard","hentry","category-informace-subjektum","tag-eu","tag-iaf"],"acf":[],"gt_translate_keys":[{"key":"link","format":"url"}],"_links":{"self":[{"href":"https:\/\/www.cai.cz\/index.php?rest_route=\/wp\/v2\/posts\/11775","targetHints":{"allow":["GET"]}}],"collection":[{"href":"https:\/\/www.cai.cz\/index.php?rest_route=\/wp\/v2\/posts"}],"about":[{"href":"https:\/\/www.cai.cz\/index.php?rest_route=\/wp\/v2\/types\/post"}],"author":[{"embeddable":true,"href":"https:\/\/www.cai.cz\/index.php?rest_route=\/wp\/v2\/users\/2"}],"replies":[{"embeddable":true,"href":"https:\/\/www.cai.cz\/index.php?rest_route=%2Fwp%2Fv2%2Fcomments&post=11775"}],"version-history":[{"count":2,"href":"https:\/\/www.cai.cz\/index.php?rest_route=\/wp\/v2\/posts\/11775\/revisions"}],"predecessor-version":[{"id":11777,"href":"https:\/\/www.cai.cz\/index.php?rest_route=\/wp\/v2\/posts\/11775\/revisions\/11777"}],"wp:attachment":[{"href":"https:\/\/www.cai.cz\/index.php?rest_route=%2Fwp%2Fv2%2Fmedia&parent=11775"}],"wp:term":[{"taxonomy":"category","embeddable":true,"href":"https:\/\/www.cai.cz\/index.php?rest_route=%2Fwp%2Fv2%2Fcategories&post=11775"},{"taxonomy":"post_tag","embeddable":true,"href":"https:\/\/www.cai.cz\/index.php?rest_route=%2Fwp%2Fv2%2Ftags&post=11775"}],"curies":[{"name":"wp","href":"https:\/\/api.w.org\/{rel}","templated":true}]}}