{"id":12403,"date":"2019-11-15T14:46:20","date_gmt":"2019-11-15T13:46:20","guid":{"rendered":"https:\/\/www.cai.cz\/?p=12403"},"modified":"2021-10-12T09:38:20","modified_gmt":"2021-10-12T07:38:20","slug":"informace-o-vydani-dokumentu-organizaci-zabyvajicich-se-akreditaci-5","status":"publish","type":"post","link":"https:\/\/www.cai.cz\/?p=12403","title":{"rendered":"Informace o vyd\u00e1n\u00ed dokument\u016f organizac\u00ed zab\u00fdvaj\u00edc\u00edch se akreditac\u00ed","gt_translate_keys":[{"key":"rendered","format":"text"}]},"content":{"rendered":"\n<h3>Informace #08 ke dni 15. 11. 2019<\/h3>\n\n\n\n<blockquote class=\"wp-block-quote is-layout-flow wp-block-quote-is-layout-flow\"><p>V\u00e1\u017een\u00ed  klienti, v\u00e1\u017een\u00ed \u010dten\u00e1\u0159i,<br>\u010cesk\u00fd institut pro akreditaci, o.p.s. (\u010cIA) jako \u010dlen Evropsk\u00e9 organizace pro spolupr\u00e1ci v oblasti akreditace (EA), Mezin\u00e1rodn\u00edho akredita\u010dn\u00edho f\u00f3ra (IAF), Mezin\u00e1rodn\u00ed spolupr\u00e1ce v oblasti akreditace laborato\u0159\u00ed (ILAC) a tak\u00e9 signat\u00e1\u0159 v\u00edcestrann\u00fdch dohod o vz\u00e1jemn\u00e9m uzn\u00e1v\u00e1n\u00ed v\u00fdsledk\u016f akreditace (EA MLA, IAF MLA a ILAC MRA) je povinen zav\u00e1d\u011bt do akredita\u010dn\u00edho syst\u00e9mu \u010cesk\u00e9 republiky dokumenty vydan\u00e9 t\u011bmito organizacemi.<br>V tomto vyd\u00e1n\u00ed informujeme tak\u00e9 o dokumentech vydan\u00fdch i dal\u0161\u00edmi organizaci a ukon\u010den\u00ed platnosti dokumentu.<br>Pro p\u0159edb\u011b\u017en\u00e9 informov\u00e1n\u00ed klient\u016f o vydan\u00fdch a zav\u00e1d\u011bn\u00fdch dokumentech mezin\u00e1rodn\u00edch organizac\u00ed zab\u00fdvaj\u00edc\u00edch se akreditac\u00ed zpracoval \u010cIA tento informa\u010dn\u00ed materi\u00e1l, kter\u00fd je aktualizov\u00e1n v m\u011bs\u00ed\u010dn\u00edm intervalu. Nad\u00e1le z\u016fst\u00e1v\u00e1 zachov\u00e1na praxe, kdy jsou subjekty akreditovan\u00e9 \u010cIA informov\u00e1ny prost\u0159ednictv\u00edm dopisu p\u0159\u00edslu\u0161n\u00fdch vedouc\u00edch pracovn\u00edk\u016f \u010cIA. <\/p><\/blockquote>\n\n\n\n<p><\/p>\n\n\n\n<h3 class=\"wp-block-heading\">EA<\/h3>\n\n\n\n<p>EA-4\/23 INF:2019 Posuzov\u00e1n\u00ed a akreditace stanovisek a interpretac\u00ed pomoc\u00ed ISO \/ IEC 17025: 2017 (datum vyd\u00e1n\u00ed 16. \u0159\u00edjna 2019)<\/p>\n\n\n\n<p>EA-INF \/ 01:2019 Seznam publikac\u00ed EA a mezin\u00e1rodn\u00edch dokument\u016f &#8211; revize<\/p>\n\n\n\n<h3>IAF<\/h3>\n\n\n\n<p>IAF\nMD 3:2008 Advanced Surveillance and Recertification Procedures (ASRP) &#8211; zru\u0161en\nk&nbsp;31. 10. 2019 rezoluc\u00ed IAF \u010d\u00edslo 2019-16, certifika\u010dn\u00ed org\u00e1ny mus\u00ed do 1\nroku tj. do 31.10.20210 ukon\u010dit jeho pou\u017e\u00edv\u00e1n\u00ed.<\/p>\n\n\n\n<p>IAF\nMD 5:2019 Determination of Audit Time of Quality, Environmental, and\nOccupational Health &amp; Safety Management Systems, plat\u00ed od 7. kv\u011btna 2020<\/p>\n\n\n\n<h3 class=\"wp-block-heading\">ILAC<\/h3>\n\n\n\n<p>ILAC-G27: 07\/2019Pokyny pro m\u011b\u0159en\u00ed prov\u00e1d\u011bn\u00e1 jako sou\u010d\u00e1st inspek\u010dn\u00edho postupu <\/p>\n\n\n\n<h3 class=\"wp-block-heading\">Technick\u00e9 normy<\/h3>\n\n\n\n<p>\u010cSN ISO 55002:11\/2019 Management aktiv&nbsp;&#8211; Syst\u00e9my\nmanagementu&nbsp;&#8211; Sm\u011brnice pro pou\u017e\u00edv\u00e1n\u00ed <br>\nISO 55001 <\/p>\n\n\n\n<p>ISO\/IEC 17029:2019 Conformity assessment &#8211; General principles and\nrequirements for validation and verification bodies<\/p>\n\n\n\n<p>ISO 22301:2019 Security and resilience &#8211; Business continuity\nmanagement systems &#8211; Requirements<\/p>\n\n\n\n\n\n<blockquote class=\"wp-block-quote is-layout-flow wp-block-quote-is-layout-flow\"><p>Zpracoval: Ing. Jaroslav R\u016f\u017ei\u010dka, 15. 11. 2019<\/p><\/blockquote>\n","protected":false,"gt_translate_keys":[{"key":"rendered","format":"html"}]},"excerpt":{"rendered":"<p>Informace #08 ke dni 15. 11. 2019 V\u00e1\u017een\u00ed klienti, v\u00e1\u017een\u00ed \u010dten\u00e1\u0159i,\u010cesk\u00fd institut pro akreditaci, o.p.s. (\u010cIA) jako \u010dlen Evropsk\u00e9 organizace pro spolupr\u00e1ci v oblasti akreditace&hellip;<\/p>\n","protected":false,"gt_translate_keys":[{"key":"rendered","format":"html"}]},"author":2,"featured_media":0,"comment_status":"closed","ping_status":"open","sticky":false,"template":"","format":"standard","meta":{"_acf_changed":false,"_price":"","_stock":"","_tribe_ticket_header":"","_tribe_default_ticket_provider":"","_tribe_ticket_capacity":"","_ticket_start_date":"","_ticket_end_date":"","_tribe_ticket_show_description":"","_tribe_ticket_show_not_going":false,"_tribe_ticket_use_global_stock":"","_tribe_ticket_global_stock_level":"","_global_stock_mode":"","_global_stock_cap":"","_tribe_rsvp_for_event":"","_tribe_ticket_going_count":"","_tribe_ticket_not_going_count":"","_tribe_tickets_list":"[]","_tribe_ticket_has_attendee_info_fields":false,"footnotes":""},"categories":[335],"tags":[],"class_list":["post-12403","post","type-post","status-publish","format-standard","hentry","category-informace-subjektum"],"acf":[],"gt_translate_keys":[{"key":"link","format":"url"}],"_links":{"self":[{"href":"https:\/\/www.cai.cz\/index.php?rest_route=\/wp\/v2\/posts\/12403","targetHints":{"allow":["GET"]}}],"collection":[{"href":"https:\/\/www.cai.cz\/index.php?rest_route=\/wp\/v2\/posts"}],"about":[{"href":"https:\/\/www.cai.cz\/index.php?rest_route=\/wp\/v2\/types\/post"}],"author":[{"embeddable":true,"href":"https:\/\/www.cai.cz\/index.php?rest_route=\/wp\/v2\/users\/2"}],"replies":[{"embeddable":true,"href":"https:\/\/www.cai.cz\/index.php?rest_route=%2Fwp%2Fv2%2Fcomments&post=12403"}],"version-history":[{"count":2,"href":"https:\/\/www.cai.cz\/index.php?rest_route=\/wp\/v2\/posts\/12403\/revisions"}],"predecessor-version":[{"id":12405,"href":"https:\/\/www.cai.cz\/index.php?rest_route=\/wp\/v2\/posts\/12403\/revisions\/12405"}],"wp:attachment":[{"href":"https:\/\/www.cai.cz\/index.php?rest_route=%2Fwp%2Fv2%2Fmedia&parent=12403"}],"wp:term":[{"taxonomy":"category","embeddable":true,"href":"https:\/\/www.cai.cz\/index.php?rest_route=%2Fwp%2Fv2%2Fcategories&post=12403"},{"taxonomy":"post_tag","embeddable":true,"href":"https:\/\/www.cai.cz\/index.php?rest_route=%2Fwp%2Fv2%2Ftags&post=12403"}],"curies":[{"name":"wp","href":"https:\/\/api.w.org\/{rel}","templated":true}]}}