{"id":16803,"date":"2023-04-26T14:37:31","date_gmt":"2023-04-26T12:37:31","guid":{"rendered":"https:\/\/www.cai.cz\/?p=16803"},"modified":"2023-05-12T12:41:50","modified_gmt":"2023-05-12T10:41:50","slug":"jednani-ea-cc-wg-environment-a-falb-2","status":"publish","type":"post","link":"https:\/\/www.cai.cz\/?p=16803","title":{"rendered":"Jedn\u00e1n\u00ed EA CC WG Environment a FALB","gt_translate_keys":[{"key":"rendered","format":"text"}]},"content":{"rendered":"\n<p>Ve dnech 19. a 20. 4. 2023 se konalo distan\u010dn\u00ed jedn\u00e1n\u00ed pracovn\u00ed skupiny EA CC WG Environment a F\u00f3ra akredita\u010dn\u00edch a licen\u010dn\u00edch org\u00e1n\u016f (FALB) podle na\u0159\u00edzen\u00ed EP a Rady (ES) \u010d. 1221\/2009. EA CC WG Environment projednala p\u0159ipravovanou evropskou legislativu v oblasti ochrany \u017eivotn\u00edho prost\u0159ed\u00ed ve vztahu k po\u017eadavk\u016fm na akreditaci org\u00e1nu posuzov\u00e1n\u00ed shody a navrhla zah\u00e1jit revizi dokumentu EA-7\/04. Na 47. zased\u00e1n\u00ed FALB byly op\u011btovn\u011b projedn\u00e1ny d\u016fvody pro a proti zaveden\u00ed normy ISO\/IEC 17029 ve spojen\u00ed s ISO 14065 pro akreditaci ov\u011b\u0159ovatel\u016f EMAS. P\u0159ed rozhodnut\u00edm bude vypracov\u00e1na d\u016fkladn\u00e1 anal\u00fdza dopad\u016f p\u0159echodu od ISO\/IEC 17021-1 k ISO\/IEC 17029. \u00a0Na uzav\u0159en\u00e9m jedn\u00e1n\u00ed byly projedn\u00e1ny zpr\u00e1vy z evaluac\u00ed, kter\u00e9 prob\u011bhly v leto\u0161n\u00edm a p\u0159edchoz\u00edm roce.<\/p>\n","protected":false,"gt_translate_keys":[{"key":"rendered","format":"html"}]},"excerpt":{"rendered":"<p>Ve dnech 19. a 20. 4. 2023 se konalo distan\u010dn\u00ed jedn\u00e1n\u00ed pracovn\u00ed skupiny EA CC WG Environment a F\u00f3ra akredita\u010dn\u00edch a licen\u010dn\u00edch org\u00e1n\u016f (FALB) podle&hellip;<\/p>\n","protected":false,"gt_translate_keys":[{"key":"rendered","format":"html"}]},"author":2,"featured_media":0,"comment_status":"closed","ping_status":"open","sticky":false,"template":"","format":"standard","meta":{"_acf_changed":false,"_price":"","_stock":"","_tribe_ticket_header":"","_tribe_default_ticket_provider":"","_tribe_ticket_capacity":"","_ticket_start_date":"","_ticket_end_date":"","_tribe_ticket_show_description":"","_tribe_ticket_show_not_going":false,"_tribe_ticket_use_global_stock":"","_tribe_ticket_global_stock_level":"","_global_stock_mode":"","_global_stock_cap":"","_tribe_rsvp_for_event":"","_tribe_ticket_going_count":"","_tribe_ticket_not_going_count":"","_tribe_tickets_list":"[]","_tribe_ticket_has_attendee_info_fields":false,"footnotes":""},"categories":[105],"tags":[],"class_list":["post-16803","post","type-post","status-publish","format-standard","hentry","category-ea-european-co-operation-for-accreditation-evropska-organizace-pro-spolupraci-v-oblasti-akreditace"],"acf":[],"gt_translate_keys":[{"key":"link","format":"url"}],"_links":{"self":[{"href":"https:\/\/www.cai.cz\/index.php?rest_route=\/wp\/v2\/posts\/16803","targetHints":{"allow":["GET"]}}],"collection":[{"href":"https:\/\/www.cai.cz\/index.php?rest_route=\/wp\/v2\/posts"}],"about":[{"href":"https:\/\/www.cai.cz\/index.php?rest_route=\/wp\/v2\/types\/post"}],"author":[{"embeddable":true,"href":"https:\/\/www.cai.cz\/index.php?rest_route=\/wp\/v2\/users\/2"}],"replies":[{"embeddable":true,"href":"https:\/\/www.cai.cz\/index.php?rest_route=%2Fwp%2Fv2%2Fcomments&post=16803"}],"version-history":[{"count":1,"href":"https:\/\/www.cai.cz\/index.php?rest_route=\/wp\/v2\/posts\/16803\/revisions"}],"predecessor-version":[{"id":16804,"href":"https:\/\/www.cai.cz\/index.php?rest_route=\/wp\/v2\/posts\/16803\/revisions\/16804"}],"wp:attachment":[{"href":"https:\/\/www.cai.cz\/index.php?rest_route=%2Fwp%2Fv2%2Fmedia&parent=16803"}],"wp:term":[{"taxonomy":"category","embeddable":true,"href":"https:\/\/www.cai.cz\/index.php?rest_route=%2Fwp%2Fv2%2Fcategories&post=16803"},{"taxonomy":"post_tag","embeddable":true,"href":"https:\/\/www.cai.cz\/index.php?rest_route=%2Fwp%2Fv2%2Ftags&post=16803"}],"curies":[{"name":"wp","href":"https:\/\/api.w.org\/{rel}","templated":true}]}}