{"id":20031,"date":"2025-03-27T09:12:50","date_gmt":"2025-03-27T08:12:50","guid":{"rendered":"https:\/\/www.cai.cz\/?p=20031"},"modified":"2025-03-27T09:13:29","modified_gmt":"2025-03-27T08:13:29","slug":"zasedani-ea-hhc-3","status":"publish","type":"post","link":"https:\/\/www.cai.cz\/?p=20031","title":{"rendered":"Zased\u00e1n\u00ed EA HHC","gt_translate_keys":[{"key":"rendered","format":"text"}]},"content":{"rendered":"\n<p>Dva z\u00e1stupci \u010cIA se ve dnech 5. a 6. 3. 2025 z\u00fa\u010dastnili zased\u00e1n\u00ed EA HHC, kter\u00e9 se konalo v Bruselu, \u00a0v hotelu Thon.\u00a0<br \/>Projedn\u00e1na byla pot\u0159eba spolupr\u00e1ce p\u0159i vyu\u017e\u00edv\u00e1n\u00ed um\u011bl\u00e9 inteligence v\u00a0procesu akreditace a posuzov\u00e1n\u00ed shody, takt\u00e9\u017e i v\u00a0procesu p\u0159eshrani\u010dn\u00ed akreditace. \u00a0Stejn\u011b jako v\u00a0p\u0159edchoz\u00edch zased\u00e1n\u00edch byla pozornost v\u011bnov\u00e1na vyhodnocov\u00e1n\u00ed sch\u00e9mat posuzov\u00e1n\u00ed shody, zejm\u00e9na v\u00a0oblastech souvisej\u00edc\u00edch s\u00a0evropsk\u00fdmi pr\u00e1vn\u00edmi p\u0159edpisy v\u00a0oblasti ochrany klimatu. Byly stru\u010dn\u011b p\u0159edstaveny prvn\u00ed n\u00e1vrhy na revize dokument\u016f EA 1\/22 a EA 2\/17.\u00a0 Nosn\u00fdm t\u00e9matem byl harmonizovan\u00fd p\u0159\u00edstup k\u00a0implementaci ISO\/IEC 17011 a na\u0159\u00edzen\u00ed EP a Rady 765\/2008, zejm\u00e9na pak pot\u0159eba reagovat na nov\u00e9 po\u017eadavky evropsk\u00fdch pr\u00e1vn\u00edch p\u0159edpis\u016f. \u00a0\u00a0<\/p>\n","protected":false,"gt_translate_keys":[{"key":"rendered","format":"html"}]},"excerpt":{"rendered":"<p>Dva z\u00e1stupci \u010cIA se ve dnech 5. a 6. 3. 2025 z\u00fa\u010dastnili zased\u00e1n\u00ed EA HHC, kter\u00e9 se konalo v Bruselu, \u00a0v hotelu Thon.\u00a0Projedn\u00e1na byla pot\u0159eba&hellip;<\/p>\n","protected":false,"gt_translate_keys":[{"key":"rendered","format":"html"}]},"author":7,"featured_media":0,"comment_status":"closed","ping_status":"open","sticky":false,"template":"","format":"standard","meta":{"_acf_changed":false,"_price":"","_stock":"","_tribe_ticket_header":"","_tribe_default_ticket_provider":"","_tribe_ticket_capacity":"","_ticket_start_date":"","_ticket_end_date":"","_tribe_ticket_show_description":"","_tribe_ticket_show_not_going":false,"_tribe_ticket_use_global_stock":"","_tribe_ticket_global_stock_level":"","_global_stock_mode":"","_global_stock_cap":"","_tribe_rsvp_for_event":"","_tribe_ticket_going_count":"","_tribe_ticket_not_going_count":"","_tribe_tickets_list":"[]","_tribe_ticket_has_attendee_info_fields":false,"footnotes":""},"categories":[1,485,105],"tags":[],"class_list":["post-20031","post","type-post","status-publish","format-standard","hentry","category-oznameni-cs","category-aktuality","category-ea-european-co-operation-for-accreditation-evropska-organizace-pro-spolupraci-v-oblasti-akreditace"],"acf":[],"gt_translate_keys":[{"key":"link","format":"url"}],"_links":{"self":[{"href":"https:\/\/www.cai.cz\/index.php?rest_route=\/wp\/v2\/posts\/20031","targetHints":{"allow":["GET"]}}],"collection":[{"href":"https:\/\/www.cai.cz\/index.php?rest_route=\/wp\/v2\/posts"}],"about":[{"href":"https:\/\/www.cai.cz\/index.php?rest_route=\/wp\/v2\/types\/post"}],"author":[{"embeddable":true,"href":"https:\/\/www.cai.cz\/index.php?rest_route=\/wp\/v2\/users\/7"}],"replies":[{"embeddable":true,"href":"https:\/\/www.cai.cz\/index.php?rest_route=%2Fwp%2Fv2%2Fcomments&post=20031"}],"version-history":[{"count":3,"href":"https:\/\/www.cai.cz\/index.php?rest_route=\/wp\/v2\/posts\/20031\/revisions"}],"predecessor-version":[{"id":20034,"href":"https:\/\/www.cai.cz\/index.php?rest_route=\/wp\/v2\/posts\/20031\/revisions\/20034"}],"wp:attachment":[{"href":"https:\/\/www.cai.cz\/index.php?rest_route=%2Fwp%2Fv2%2Fmedia&parent=20031"}],"wp:term":[{"taxonomy":"category","embeddable":true,"href":"https:\/\/www.cai.cz\/index.php?rest_route=%2Fwp%2Fv2%2Fcategories&post=20031"},{"taxonomy":"post_tag","embeddable":true,"href":"https:\/\/www.cai.cz\/index.php?rest_route=%2Fwp%2Fv2%2Ftags&post=20031"}],"curies":[{"name":"wp","href":"https:\/\/api.w.org\/{rel}","templated":true}]}}