{"id":20176,"date":"2025-04-24T12:46:12","date_gmt":"2025-04-24T10:46:12","guid":{"rendered":"https:\/\/www.cai.cz\/?p=20176"},"modified":"2025-04-24T12:48:27","modified_gmt":"2025-04-24T10:48:27","slug":"seminar-k-ukolu-prm-vii-5-24","status":"publish","type":"post","link":"https:\/\/www.cai.cz\/?p=20176","title":{"rendered":"Semin\u00e1\u0159 k \u00fakolu PRM &#8211; VII\/5\/24","gt_translate_keys":[{"key":"rendered","format":"text"}]},"content":{"rendered":"\n<p>V\u00e1\u017een\u00ed z\u00e1kazn\u00edci,\u00a0<br \/>dovolujeme si V\u00e1s informovat, \u017ee \u010cesk\u00fd institut pro akreditaci, o.p.s. (\u010cIA) po\u0159\u00e1d\u00e1 semin\u00e1\u0159 pro kalibra\u010dn\u00ed laborato\u0159e, jeho\u017e c\u00edlem je sezn\u00e1mit \u00fa\u010dastn\u00edky s v\u00fdsledky \u00fakolu realizovan\u00e9ho v r\u00e1mci programu rozvoje metrologie (PRM).<br \/>Tento semin\u00e1\u0159 je ji\u017e tradi\u010dn\u011b ur\u010den pro \u0161irokou odbornou ve\u0159ejnost se z\u00e1jmem o kalibrace \u2013 a to jak obecn\u011b, tak p\u0159edev\u0161\u00edm v oboru vlhkost vzduchu. Semin\u00e1\u0159 je ur\u010den zejm\u00e9na pracovn\u00edk\u016fm akreditovan\u00fdch kalibra\u010dn\u00edch laborato\u0159\u00ed, ostatn\u00edch kalibra\u010dn\u00edch laborato\u0159\u00ed a p\u0159\u00edpadn\u011b i laborato\u0159\u00ed zku\u0161ebn\u00edch, tedy v\u0161ech laborato\u0159\u00ed, kter\u00e9 se ve sv\u00e9 \u010dinnosti zab\u00fdvaj\u00ed m\u011b\u0159en\u00edm nebo kalibracemi v oboru vlhkosti vzduchu. <span style=\"font-size: revert;\">Semin\u00e1\u0159 po\u0159\u00e1d\u00e1me v Praze dne 2. 6. 2025. Registrace a pozv\u00e1nky na semin\u00e1\u0159 naleznete <\/span><a style=\"font-size: revert;\" href=\"https:\/\/eshop.cai.cz\/category\/aktualni-nabidka-seminaru-cia\/1\">zde.<\/a><\/p>\n","protected":false,"gt_translate_keys":[{"key":"rendered","format":"html"}]},"excerpt":{"rendered":"<p>V\u00e1\u017een\u00ed z\u00e1kazn\u00edci,\u00a0dovolujeme si V\u00e1s informovat, \u017ee \u010cesk\u00fd institut pro akreditaci, o.p.s. (\u010cIA) po\u0159\u00e1d\u00e1 semin\u00e1\u0159 pro kalibra\u010dn\u00ed laborato\u0159e, jeho\u017e c\u00edlem je sezn\u00e1mit \u00fa\u010dastn\u00edky s v\u00fdsledky \u00fakolu&hellip;<\/p>\n","protected":false,"gt_translate_keys":[{"key":"rendered","format":"html"}]},"author":7,"featured_media":0,"comment_status":"closed","ping_status":"open","sticky":false,"template":"","format":"standard","meta":{"_acf_changed":false,"_price":"","_stock":"","_tribe_ticket_header":"","_tribe_default_ticket_provider":"","_tribe_ticket_capacity":"","_ticket_start_date":"","_ticket_end_date":"","_tribe_ticket_show_description":"","_tribe_ticket_show_not_going":false,"_tribe_ticket_use_global_stock":"","_tribe_ticket_global_stock_level":"","_global_stock_mode":"","_global_stock_cap":"","_tribe_rsvp_for_event":"","_tribe_ticket_going_count":"","_tribe_ticket_not_going_count":"","_tribe_tickets_list":"[]","_tribe_ticket_has_attendee_info_fields":false,"footnotes":""},"categories":[1,485,335,44],"tags":[],"class_list":["post-20176","post","type-post","status-publish","format-standard","hentry","category-oznameni-cs","category-aktuality","category-informace-subjektum","category-seminare-cia"],"acf":[],"gt_translate_keys":[{"key":"link","format":"url"}],"_links":{"self":[{"href":"https:\/\/www.cai.cz\/index.php?rest_route=\/wp\/v2\/posts\/20176","targetHints":{"allow":["GET"]}}],"collection":[{"href":"https:\/\/www.cai.cz\/index.php?rest_route=\/wp\/v2\/posts"}],"about":[{"href":"https:\/\/www.cai.cz\/index.php?rest_route=\/wp\/v2\/types\/post"}],"author":[{"embeddable":true,"href":"https:\/\/www.cai.cz\/index.php?rest_route=\/wp\/v2\/users\/7"}],"replies":[{"embeddable":true,"href":"https:\/\/www.cai.cz\/index.php?rest_route=%2Fwp%2Fv2%2Fcomments&post=20176"}],"version-history":[{"count":3,"href":"https:\/\/www.cai.cz\/index.php?rest_route=\/wp\/v2\/posts\/20176\/revisions"}],"predecessor-version":[{"id":20179,"href":"https:\/\/www.cai.cz\/index.php?rest_route=\/wp\/v2\/posts\/20176\/revisions\/20179"}],"wp:attachment":[{"href":"https:\/\/www.cai.cz\/index.php?rest_route=%2Fwp%2Fv2%2Fmedia&parent=20176"}],"wp:term":[{"taxonomy":"category","embeddable":true,"href":"https:\/\/www.cai.cz\/index.php?rest_route=%2Fwp%2Fv2%2Fcategories&post=20176"},{"taxonomy":"post_tag","embeddable":true,"href":"https:\/\/www.cai.cz\/index.php?rest_route=%2Fwp%2Fv2%2Ftags&post=20176"}],"curies":[{"name":"wp","href":"https:\/\/api.w.org\/{rel}","templated":true}]}}