{"id":21692,"date":"2025-12-09T15:14:22","date_gmt":"2025-12-09T14:14:22","guid":{"rendered":"https:\/\/www.cai.cz\/?p=21692"},"modified":"2025-12-10T09:23:36","modified_gmt":"2025-12-10T08:23:36","slug":"vecer-se-statnim-zkusebnictvim-uspesny-start-nove-tradice","status":"publish","type":"post","link":"https:\/\/www.cai.cz\/?p=21692","title":{"rendered":"Ve\u010der se st\u00e1tn\u00edm zku\u0161ebnictv\u00edm: \u00fasp\u011b\u0161n\u00fd start nov\u00e9 tradice","gt_translate_keys":[{"key":"rendered","format":"text"}]},"content":{"rendered":"\n<p>Ve Slovansk\u00e9m dom\u011b v Praze se 27. listopadu uskute\u010dnil prvn\u00ed ro\u010dn\u00edk Ve\u010dera se st\u00e1tn\u00edm zku\u0161ebnictv\u00edm, kter\u00fd ve velmi p\u0159\u00edjemn\u00e9 atmosf\u00e9\u0159e p\u0159edstavil v\u00fdznam st\u00e1tn\u00edho zku\u0161ebnictv\u00ed jako kl\u00ed\u010dov\u00e9ho pil\u00ed\u0159e v evropsk\u00e9m syst\u00e9mu zaji\u0161t\u011bn\u00ed bezpe\u010dnosti a kvality v\u00fdrobk\u016f a ochrany spot\u0159ebitel\u016f. Akce spojila z\u00e1stupce st\u00e1tn\u00ed spr\u00e1vy, odborn\u00fdch instituc\u00ed i pr\u016fmyslov\u00fdch partner\u016f a uk\u00e1zala, \u017ee i tak d\u016fle\u017eit\u00e1 a odborn\u00e1 t\u00e9mata lze prezentovat modern\u011b, atraktivn\u011b a srozumiteln\u011b. Akc\u00ed elegantn\u011b a velmi erudovan\u011b prov\u00e1zela moder\u00e1torka ve\u010dera Daniela Brzobohat\u00e1.<\/p>\n<p><a href=\"https:\/\/www.cai.cz\/?attachment_id=21685\" rel=\"attachment wp-att-21685\"><img loading=\"lazy\" decoding=\"async\" class=\"alignnone size-full wp-image-21685\" src=\"https:\/\/www.cai.cz\/wp-content\/uploads\/2025\/12\/vssz.jpg\" alt=\"\" width=\"2048\" height=\"1366\" srcset=\"https:\/\/www.cai.cz\/wp-content\/uploads\/2025\/12\/vssz.jpg 2048w, https:\/\/www.cai.cz\/wp-content\/uploads\/2025\/12\/vssz-300x200.jpg 300w, https:\/\/www.cai.cz\/wp-content\/uploads\/2025\/12\/vssz-1024x683.jpg 1024w, https:\/\/www.cai.cz\/wp-content\/uploads\/2025\/12\/vssz-768x512.jpg 768w, https:\/\/www.cai.cz\/wp-content\/uploads\/2025\/12\/vssz-1536x1025.jpg 1536w\" sizes=\"auto, (max-width: 2048px) 100vw, 2048px\" \/><\/a><\/p>\n<p>V\u00edce v p\u0159ilo\u017een\u00e9 <a href=\"https:\/\/www.cai.cz\/wp-content\/uploads\/2025\/12\/2025_12_03_VSZ_Tiskova-zprava.pdf\" target=\"_blank\" rel=\"attachment noopener wp-att-21681\">tiskov\u00e9 zpr\u00e1v\u011b<\/a>.<\/p>\n","protected":false,"gt_translate_keys":[{"key":"rendered","format":"html"}]},"excerpt":{"rendered":"<p>Ve Slovansk\u00e9m dom\u011b v Praze se 27. listopadu uskute\u010dnil prvn\u00ed ro\u010dn\u00edk Ve\u010dera se st\u00e1tn\u00edm zku\u0161ebnictv\u00edm, kter\u00fd ve velmi p\u0159\u00edjemn\u00e9 atmosf\u00e9\u0159e p\u0159edstavil v\u00fdznam st\u00e1tn\u00edho zku\u0161ebnictv\u00ed jako&hellip;<\/p>\n","protected":false,"gt_translate_keys":[{"key":"rendered","format":"html"}]},"author":34,"featured_media":21685,"comment_status":"closed","ping_status":"open","sticky":false,"template":"","format":"standard","meta":{"_acf_changed":false,"_price":"","_stock":"","_tribe_ticket_header":"","_tribe_default_ticket_provider":"","_tribe_ticket_capacity":"","_ticket_start_date":"","_ticket_end_date":"","_tribe_ticket_show_description":"","_tribe_ticket_show_not_going":false,"_tribe_ticket_use_global_stock":"","_tribe_ticket_global_stock_level":"","_global_stock_mode":"","_global_stock_cap":"","_tribe_rsvp_for_event":"","_tribe_ticket_going_count":"","_tribe_ticket_not_going_count":"","_tribe_tickets_list":"[]","_tribe_ticket_has_attendee_info_fields":false,"footnotes":""},"categories":[1],"tags":[],"class_list":["post-21692","post","type-post","status-publish","format-standard","has-post-thumbnail","hentry","category-oznameni-cs"],"acf":[],"gt_translate_keys":[{"key":"link","format":"url"}],"_links":{"self":[{"href":"https:\/\/www.cai.cz\/index.php?rest_route=\/wp\/v2\/posts\/21692","targetHints":{"allow":["GET"]}}],"collection":[{"href":"https:\/\/www.cai.cz\/index.php?rest_route=\/wp\/v2\/posts"}],"about":[{"href":"https:\/\/www.cai.cz\/index.php?rest_route=\/wp\/v2\/types\/post"}],"author":[{"embeddable":true,"href":"https:\/\/www.cai.cz\/index.php?rest_route=\/wp\/v2\/users\/34"}],"replies":[{"embeddable":true,"href":"https:\/\/www.cai.cz\/index.php?rest_route=%2Fwp%2Fv2%2Fcomments&post=21692"}],"version-history":[{"count":5,"href":"https:\/\/www.cai.cz\/index.php?rest_route=\/wp\/v2\/posts\/21692\/revisions"}],"predecessor-version":[{"id":21697,"href":"https:\/\/www.cai.cz\/index.php?rest_route=\/wp\/v2\/posts\/21692\/revisions\/21697"}],"wp:featuredmedia":[{"embeddable":true,"href":"https:\/\/www.cai.cz\/index.php?rest_route=\/wp\/v2\/media\/21685"}],"wp:attachment":[{"href":"https:\/\/www.cai.cz\/index.php?rest_route=%2Fwp%2Fv2%2Fmedia&parent=21692"}],"wp:term":[{"taxonomy":"category","embeddable":true,"href":"https:\/\/www.cai.cz\/index.php?rest_route=%2Fwp%2Fv2%2Fcategories&post=21692"},{"taxonomy":"post_tag","embeddable":true,"href":"https:\/\/www.cai.cz\/index.php?rest_route=%2Fwp%2Fv2%2Ftags&post=21692"}],"curies":[{"name":"wp","href":"https:\/\/api.w.org\/{rel}","templated":true}]}}